{"id":808,"date":"2026-04-28T14:49:04","date_gmt":"2026-04-28T17:49:04","guid":{"rendered":"https:\/\/cnlbsul2.org.br\/site\/?p=808"},"modified":"2026-04-28T15:13:12","modified_gmt":"2026-04-28T18:13:12","slug":"audiencia-publica","status":"publish","type":"post","link":"https:\/\/cnlbsul2.org.br\/site\/2026\/04\/28\/audiencia-publica\/","title":{"rendered":"Audi\u00eancia P\u00fablica"},"content":{"rendered":"\n<p><em>Educar para os direitos humanos \u00e9 semear paz, restaurar v\u00ednculos e humanizar a sociedade<\/em><\/p>\n\n\n\n<div style=\"height:20px\" aria-hidden=\"true\" class=\"wp-block-spacer\"><\/div>\n\n\n\n<figure class=\"wp-block-image aligncenter size-medium\"><img loading=\"lazy\" decoding=\"async\" width=\"200\" height=\"300\" src=\"https:\/\/cnlbsul2.org.br\/site\/wp-content\/uploads\/2026\/04\/2026_05_maio_AUDIENCIA_ALP_lei_JR-768x1153-1-200x300.jpeg\" alt=\"\" class=\"wp-image-813\" srcset=\"https:\/\/cnlbsul2.org.br\/site\/wp-content\/uploads\/2026\/04\/2026_05_maio_AUDIENCIA_ALP_lei_JR-768x1153-1-200x300.jpeg 200w, https:\/\/cnlbsul2.org.br\/site\/wp-content\/uploads\/2026\/04\/2026_05_maio_AUDIENCIA_ALP_lei_JR-768x1153-1-682x1024.jpeg 682w, https:\/\/cnlbsul2.org.br\/site\/wp-content\/uploads\/2026\/04\/2026_05_maio_AUDIENCIA_ALP_lei_JR-768x1153-1.jpeg 768w\" sizes=\"auto, (max-width: 200px) 100vw, 200px\" \/><\/figure>\n\n\n\n<p><strong><em>No dia 5 de maio, \u00e0s 9h<\/em><\/strong>, na Assembleia Legislativa do Paran\u00e1, ser\u00e1 realizada uma Audi\u00eancia P\u00fablica para debater o <strong><em>Anteprojeto de Lei<\/em><\/strong> que prop\u00f5e ampliar e <em><strong>aperfei\u00e7oar a atual pol\u00edtica de Cultura de Paz no Paran\u00e1<\/strong><\/em>.<\/p>\n\n\n\n<div style=\"height:20px\" aria-hidden=\"true\" class=\"wp-block-spacer\"><\/div>\n\n\n\n<p>A proposta busca instituir uma Pol\u00edtica Estadual de Educa\u00e7\u00e3o em Direitos Humanos, Cultura de Paz e Justi\u00e7a Restaurativa, fortalecendo a\u00e7\u00f5es de preven\u00e7\u00e3o das viol\u00eancias, promo\u00e7\u00e3o da cidadania, conviv\u00eancia democr\u00e1tica, pr\u00e1ticas restaurativas e prote\u00e7\u00e3o da vida.<\/p>\n\n\n\n<div style=\"height:20px\" aria-hidden=\"true\" class=\"wp-block-spacer\"><\/div>\n\n\n\n<p>Ser\u00e1 um espa\u00e7o importante de di\u00e1logo e constru\u00e7\u00e3o coletiva entre poder p\u00fablico, sociedade civil, educadores, lideran\u00e7as comunit\u00e1rias e institui\u00e7\u00f5es comprometidas com uma cultura de paz.<\/p>\n\n\n\n<div style=\"height:20px\" aria-hidden=\"true\" class=\"wp-block-spacer\"><\/div>\n\n\n\n<p>Local: <strong><em>Audit\u00f3rio Legislativo da ALEP \u2013 Curitiba\/PR<\/em><\/strong><br>Data: <strong><em>5 de maio<\/em><\/strong><br>Hor\u00e1rio: <strong><em>9h<\/em><\/strong><\/p>\n\n\n\n<div style=\"height:20px\" aria-hidden=\"true\" class=\"wp-block-spacer\"><\/div>\n\n\n\n<p><strong><em>PARTICIPE PELO SITE DA ALEP<\/em><\/strong><br><a href=\"https:\/\/www.assembleia.pr.leg.br\/atividade-parlamentar\/audiencias-publicas\">https:\/\/www.assembleia.pr.leg.br\/atividade-parlamentar\/audiencias-publicas<\/a><\/p>\n\n\n\n<p class=\"has-text-align-center\"><em>Apoio: Comiss\u00e3o de F\u00e9 e Pol\u00edtica do CNLB do Regional Sul 2<\/em><\/p>\n\n\n\n<div style=\"height:20px\" aria-hidden=\"true\" class=\"wp-block-spacer\"><\/div>\n\n\n\n<p class=\"has-text-align-center\"><strong>ANTEPROJETO DE LEI \u2014 VERS\u00c3O FINAL CONSOLIDADA<\/strong><\/p>\n\n\n\n<p>Institui a Pol\u00edtica Estadual de Educa\u00e7\u00e3o em Direitos Humanos, Cultura de Paz e Justi\u00e7a Restaurativa no Estado do Paran\u00e1 e d\u00e1 outras provid\u00eancias.<\/p>\n\n\n\n<p><strong><em>Art. 1\u00ba \u2013 Da Institui\u00e7\u00e3o da Pol\u00edtica<\/em><\/strong><\/p>\n\n\n\n<p>Fica institu\u00edda, no \u00e2mbito do Estado do Paran\u00e1, a Pol\u00edtica Estadual de Educa\u00e7\u00e3o em Direitos Humanos, Cultura de Paz e Justi\u00e7a Restaurativa, com a finalidade de promover a conviv\u00eancia democr\u00e1tica, prevenir as viol\u00eancias em ambientes educativos e comunit\u00e1rios, fortalecer pr\u00e1ticas restaurativas e fomentar a\u00e7\u00f5es formativas voltadas \u00e0 constru\u00e7\u00e3o de uma sociedade pac\u00edfica, justa e inclusiva.<\/p>\n\n\n\n<p><strong><em>Art. 2\u00ba \u2013 Dos Princ\u00edpios<\/em><\/strong><\/p>\n\n\n\n<p>A Pol\u00edtica Estadual reger-se-\u00e1 pelos seguintes princ\u00edpios:<\/p>\n\n\n\n<p>I \u2013 dignidade da pessoa humana;<\/p>\n\n\n\n<p>II \u2013 promo\u00e7\u00e3o e prote\u00e7\u00e3o dos direitos humanos;<\/p>\n\n\n\n<p>III \u2013 preven\u00e7\u00e3o das viol\u00eancias;<\/p>\n\n\n\n<p>IV \u2013 resolu\u00e7\u00e3o pac\u00edfica de conflitos;<\/p>\n\n\n\n<p>V \u2013 prote\u00e7\u00e3o integral da vida;<\/p>\n\n\n\n<p>VI \u2013 equidade e respeito \u00e0s diversidades;<\/p>\n\n\n\n<p>VII \u2013 conviv\u00eancia democr\u00e1tica;<\/p>\n\n\n\n<p>VIII \u2013 corresponsabilidade entre Estado e sociedade.<\/p>\n\n\n\n<p><strong><em>Art. 3\u00ba \u2013 Dos Objetivos<\/em><\/strong><\/p>\n\n\n\n<p>S\u00e3o objetivos da Pol\u00edtica Estadual:<\/p>\n\n\n\n<p>I \u2013 promover a forma\u00e7\u00e3o integral para a conviv\u00eancia democr\u00e1tica, o respeito \u00e0 dignidade humana e o exerc\u00edcio da cidadania;<\/p>\n\n\n\n<p>II \u2013 prevenir e reduzir situa\u00e7\u00f5es de viol\u00eancia, discrimina\u00e7\u00e3o, intoler\u00e2ncia e viola\u00e7\u00f5es de direitos, com especial aten\u00e7\u00e3o \u00e0 viol\u00eancia dom\u00e9stica e familiar e ao enfrentamento do feminic\u00eddio;<\/p>\n\n\n\n<p>III \u2013 incentivar pr\u00e1ticas de media\u00e7\u00e3o de conflitos, c\u00edrculos restaurativos e outras metodologias de Justi\u00e7a Restaurativa;<\/p>\n\n\n\n<p>IV \u2013 garantir forma\u00e7\u00e3o continuada a profissionais da educa\u00e7\u00e3o, seguran\u00e7a p\u00fablica, assist\u00eancia social, sa\u00fade e demais \u00e1reas estrat\u00e9gicas;<\/p>\n\n\n\n<p>V \u2013 fomentar ambientes escolares e comunit\u00e1rios baseados na coopera\u00e7\u00e3o, no di\u00e1logo e na corresponsabilidade;<\/p>\n\n\n\n<p>VI \u2013 estimular a participa\u00e7\u00e3o de estudantes, fam\u00edlias, lideran\u00e7as comunit\u00e1rias e organiza\u00e7\u00f5es da sociedade civil;<\/p>\n\n\n\n<p>VII \u2013 promover a\u00e7\u00f5es intersetoriais envolvendo educa\u00e7\u00e3o, sa\u00fade, justi\u00e7a, cultura, juventude, seguran\u00e7a e pol\u00edticas sociais;<\/p>\n\n\n\n<p>VIII \u2013 incentivar programas, projetos e campanhas de educa\u00e7\u00e3o para a paz, diversidade e direitos humanos.<\/p>\n\n\n\n<p><strong><em>Art. 4\u00ba \u2013 Das Diretrizes<\/em><\/strong><\/p>\n\n\n\n<p>Constituem diretrizes da Pol\u00edtica Estadual:<\/p>\n\n\n\n<p>I \u2013 transversalidade entre pol\u00edticas p\u00fablicas;<\/p>\n\n\n\n<p>II \u2013 valoriza\u00e7\u00e3o da cultura de paz como fundamento pedag\u00f3gico e social;<\/p>\n\n\n\n<p>III \u2013 abordagem intersetorial e comunit\u00e1ria;<\/p>\n\n\n\n<p>IV \u2013 prioridade \u00e0 preven\u00e7\u00e3o e \u00e0 transforma\u00e7\u00e3o pac\u00edfica dos conflitos;<\/p>\n\n\n\n<p>V \u2013 promo\u00e7\u00e3o da igualdade racial, de g\u00eanero e geracional, bem como da prote\u00e7\u00e3o da vida das mulheres e do enfrentamento a todas as formas de viol\u00eancia contra elas;<\/p>\n\n\n\n<p>VI \u2013 garantia da participa\u00e7\u00e3o social nas etapas de formula\u00e7\u00e3o, implementa\u00e7\u00e3o e avalia\u00e7\u00e3o;<\/p>\n\n\n\n<p>VII \u2013 utiliza\u00e7\u00e3o de metodologias ativas e restaurativas;<\/p>\n\n\n\n<p>VIII \u2013 monitoramento e avalia\u00e7\u00e3o cont\u00ednuos.<\/p>\n\n\n\n<p><strong><em>Art. 5\u00ba \u2013 Das A\u00e7\u00f5es Estruturantes<\/em><\/strong><\/p>\n\n\n\n<p>Constituem a\u00e7\u00f5es estruturantes da Pol\u00edtica Estadual:<\/p>\n\n\n\n<p>I \u2013 incentivo \u00e0 cria\u00e7\u00e3o de N\u00facleos de Cultura de Paz e Justi\u00e7a Restaurativa em escolas, unidades socioassistenciais, espa\u00e7os comunit\u00e1rios e demais territ\u00f3rios de conviv\u00eancia;<\/p>\n\n\n\n<p>II \u2013 oferta de forma\u00e7\u00f5es certificadas em Educa\u00e7\u00e3o para a Paz e Justi\u00e7a Restaurativa;<\/p>\n\n\n\n<p>III \u2013 desenvolvimento de campanhas permanentes de promo\u00e7\u00e3o da cultura de paz;<\/p>\n\n\n\n<p>IV \u2013 est\u00edmulo \u00e0 ado\u00e7\u00e3o de protocolos restaurativos para preven\u00e7\u00e3o e resolu\u00e7\u00e3o de conflitos;<\/p>\n\n\n\n<p>V \u2013 apoio \u00e0 produ\u00e7\u00e3o e difus\u00e3o de materiais pedag\u00f3gicos;<\/p>\n\n\n\n<p>VI \u2013 articula\u00e7\u00e3o com universidades, institutos de pesquisa e organiza\u00e7\u00f5es da sociedade civil;<\/p>\n\n\n\n<p>VII \u2013 elabora\u00e7\u00e3o peri\u00f3dica de relat\u00f3rios e diagn\u00f3sticos sobre a promo\u00e7\u00e3o da cultura de paz no Estado;<\/p>\n\n\n\n<p>VIII \u2013 desenvolvimento de programas e a\u00e7\u00f5es educativas voltadas \u00e0 preven\u00e7\u00e3o da viol\u00eancia dom\u00e9stica e familiar e ao enfrentamento do feminic\u00eddio, com est\u00edmulo \u00e0 cultura do respeito e \u00e0 prote\u00e7\u00e3o da vida das mulheres.<\/p>\n\n\n\n<p><strong><em>Art. 6\u00ba \u2013 Da Coopera\u00e7\u00e3o Institucional<\/em><\/strong><\/p>\n\n\n\n<p>Para a execu\u00e7\u00e3o da Pol\u00edtica Estadual, o Poder Executivo poder\u00e1 firmar parcerias e instrumentos de coopera\u00e7\u00e3o com munic\u00edpios, universidades, organismos do sistema de justi\u00e7a e organiza\u00e7\u00f5es da sociedade civil, respeitadas as compet\u00eancias dos entes federativos.<\/p>\n\n\n\n<p><strong><em>Art. 7\u00ba \u2013 Da Governan\u00e7a<\/em><\/strong><\/p>\n\n\n\n<p>O Poder Executivo poder\u00e1 instituir inst\u00e2ncia ou comit\u00ea interinstitucional com a finalidade de acompanhar a implementa\u00e7\u00e3o da Pol\u00edtica Estadual, promover a integra\u00e7\u00e3o entre \u00f3rg\u00e3os e sugerir aperfei\u00e7oamentos.<\/p>\n\n\n\n<p><strong><em>Art. 8\u00ba \u2013 Do Monitoramento e Avalia\u00e7\u00e3o<\/em><\/strong><\/p>\n\n\n\n<p>O Poder Executivo poder\u00e1 estabelecer indicadores e mecanismos de monitoramento e avalia\u00e7\u00e3o peri\u00f3dica da Pol\u00edtica Estadual, visando ao aprimoramento cont\u00ednuo de suas a\u00e7\u00f5es.<\/p>\n\n\n\n<p><strong><em>Art. 9\u00ba \u2013 Dos Recursos<\/em><\/strong><\/p>\n\n\n\n<p>A implementa\u00e7\u00e3o da Pol\u00edtica Estadual poder\u00e1 ser realizada com recursos:<\/p>\n\n\n\n<p>I \u2013 do or\u00e7amento estadual, observada a disponibilidade or\u00e7ament\u00e1ria e financeira;<\/p>\n\n\n\n<p>II \u2013 provenientes de conv\u00eanios e transfer\u00eancias federais;<\/p>\n\n\n\n<p>III \u2013 oriundos de parcerias e coopera\u00e7\u00e3o t\u00e9cnica;<\/p>\n\n\n\n<p>IV \u2013 de fundos e programas p\u00fablicos existentes.<\/p>\n\n\n\n<p><strong><em>Art. 10 \u2013 Da Regulamenta\u00e7\u00e3o<\/em><\/strong><\/p>\n\n\n\n<p>O Poder Executivo regulamentar\u00e1 esta Lei no prazo de at\u00e9 120 (cento e vinte) dias, contados da data de sua publica\u00e7\u00e3o.<\/p>\n\n\n\n<p><strong><em>Art. 11 \u2013 Da Vig\u00eancia<\/em><\/strong><\/p>\n\n\n\n<p>Esta Lei entra em vigor na data de sua publica\u00e7\u00e3o.<\/p>\n","protected":false},"excerpt":{"rendered":"<p>Educar para os direitos humanos \u00e9 semear paz, restaurar v\u00ednculos e humanizar a sociedade No dia 5 de maio, \u00e0s 9h, na Assembleia Legislativa do Paran\u00e1, ser\u00e1 realizada uma Audi\u00eancia [&hellip;]<\/p>\n","protected":false},"author":1,"featured_media":0,"comment_status":"open","ping_status":"open","sticky":false,"template":"","format":"standard","meta":{"pagelayer_contact_templates":[],"_pagelayer_content":"","_EventAllDay":false,"_EventTimezone":"","_EventStartDate":"","_EventEndDate":"","_EventStartDateUTC":"","_EventEndDateUTC":"","_EventShowMap":false,"_EventShowMapLink":false,"_EventURL":"","_EventCost":"","_EventCostDescription":"","_EventCurrencySymbol":"","_EventCurrencyCode":"","_EventCurrencyPosition":"","_EventDateTimeSeparator":"","_EventTimeRangeSeparator":"","_EventOrganizerID":[],"_EventVenueID":[],"_OrganizerEmail":"","_OrganizerPhone":"","_OrganizerWebsite":"","_VenueAddress":"","_VenueCity":"","_VenueCountry":"","_VenueProvince":"","_VenueState":"","_VenueZip":"","_VenuePhone":"","_VenueURL":"","_VenueStateProvince":"","_VenueLat":"","_VenueLng":"","_VenueShowMap":false,"_VenueShowMapLink":false,"footnotes":""},"categories":[19],"tags":[],"class_list":["post-808","post","type-post","status-publish","format-standard","hentry","category-fe-e-politica"],"_links":{"self":[{"href":"https:\/\/cnlbsul2.org.br\/site\/wp-json\/wp\/v2\/posts\/808","targetHints":{"allow":["GET"]}}],"collection":[{"href":"https:\/\/cnlbsul2.org.br\/site\/wp-json\/wp\/v2\/posts"}],"about":[{"href":"https:\/\/cnlbsul2.org.br\/site\/wp-json\/wp\/v2\/types\/post"}],"author":[{"embeddable":true,"href":"https:\/\/cnlbsul2.org.br\/site\/wp-json\/wp\/v2\/users\/1"}],"replies":[{"embeddable":true,"href":"https:\/\/cnlbsul2.org.br\/site\/wp-json\/wp\/v2\/comments?post=808"}],"version-history":[{"count":10,"href":"https:\/\/cnlbsul2.org.br\/site\/wp-json\/wp\/v2\/posts\/808\/revisions"}],"predecessor-version":[{"id":820,"href":"https:\/\/cnlbsul2.org.br\/site\/wp-json\/wp\/v2\/posts\/808\/revisions\/820"}],"wp:attachment":[{"href":"https:\/\/cnlbsul2.org.br\/site\/wp-json\/wp\/v2\/media?parent=808"}],"wp:term":[{"taxonomy":"category","embeddable":true,"href":"https:\/\/cnlbsul2.org.br\/site\/wp-json\/wp\/v2\/categories?post=808"},{"taxonomy":"post_tag","embeddable":true,"href":"https:\/\/cnlbsul2.org.br\/site\/wp-json\/wp\/v2\/tags?post=808"}],"curies":[{"name":"wp","href":"https:\/\/api.w.org\/{rel}","templated":true}]}}