{"id":776,"date":"2026-04-22T20:40:16","date_gmt":"2026-04-22T23:40:16","guid":{"rendered":"https:\/\/cnlbsul2.org.br\/site\/?p=776"},"modified":"2026-04-22T20:41:25","modified_gmt":"2026-04-22T23:41:25","slug":"provincia-eclesiastica-de-londrina-organiza-o-i-forum-de-mulheres-cristas-leigas-e-religiosas","status":"publish","type":"post","link":"https:\/\/cnlbsul2.org.br\/site\/2026\/04\/22\/provincia-eclesiastica-de-londrina-organiza-o-i-forum-de-mulheres-cristas-leigas-e-religiosas\/","title":{"rendered":"Prov\u00edncia Eclesi\u00e1stica de Londrina organiza o &#8220;I F\u00f3rum de Mulheres Crist\u00e3s Leigas e Religiosas&#8221;"},"content":{"rendered":"\n<p>Sobre a Viol\u00eancia contra as Mulheres, na Igreja e na Sociedade<\/p>\n\n\n\n<div style=\"height:20px\" aria-hidden=\"true\" class=\"wp-block-spacer\"><\/div>\n\n\n\n<p>A &#8216;Comiss\u00e3o de Mulheres do CNLB do Regional Sul II&#8217; com o apoio e participa\u00e7\u00e3o da Equipe Colegiada do CNLB da Arquidiocese de Londrina, fez acontecer no dia 18 de abril, das 14h \u00e0s 17h, no Centro de Pastoral Jesus Bom Pastor, aconteceu o &#8216;l F\u00f3rum de Mulheres Crist\u00e3s Leigas e Religiosas do CNLB &#8211; Regional Sul 2&#8217;, reunindo mulheres de v\u00e1rias localidades da Regi\u00e3o tais como: Camb\u00e9, Ibipor\u00e3, Lerroville, Bela Vista do Para\u00edso, Pai\u00e7andu e regi\u00f5es Leste, Oeste, Norte e Sul da \u00e1rea Urbana de Londrina e homens que caminham em sintonia conosco, da autoridade Vereadora Lenir de Assis, comprometidas e comprometidos com a vida, dignidade e a justi\u00e7a.<\/p>\n\n\n\n<div style=\"height:20px\" aria-hidden=\"true\" class=\"wp-block-spacer\"><\/div>\n\n\n\n<p>O encontro contou com a condu\u00e7\u00e3o do cerimonial por Rosa Diniz e importantes contribui\u00e7\u00f5es das palestrantes Dra. Irm\u00e3 Raquel Cabral e Dra. Luzia Favetta e de todos e todas que compuseram a mesa.<\/p>\n\n\n\n<div style=\"height:20px\" aria-hidden=\"true\" class=\"wp-block-spacer\"><\/div>\n\n\n\n<p>A mesa foi composta pelo Pe. Dirceu Reis, Coordenador da A\u00e7\u00e3o Evangelizadora; pelo Assessor da Equipe Colegiada do CNLB da Arquidiocese de Londrina Pe. Dirceu Fumagalli; pelo Sr. Paulo Conte, Presidente do CNLB do Regional Sul 2; pela Rosa Marqu\u00eas, Coordenadora Geral da Comiss\u00e3o de Mulheres Crist\u00e3s Leigas e Religiosas do CNLB do Regional Sul 2 e pelas palestrantes convidadas Dra. Raquel e Dra Luzia Favetta, que tamb\u00e9m \u00e9 Coordenadora de Articula\u00e7\u00e3o Institucional e Jur\u00eddica da Comiss\u00e3o.<\/p>\n\n\n\n<div style=\"height:20px\" aria-hidden=\"true\" class=\"wp-block-spacer\"><\/div>\n\n\n\n<p>Iniciamos com uma profunda espiritualidade, sob a Coordena\u00e7\u00e3o de Neusa Martins, acompanhada da banda musical cat\u00f3lica Josy Fernandes, marcada pela presen\u00e7a da Virgem Maria, sob o t\u00edtulo de Nossa Senhora das Gra\u00e7as, que nos inspirou e fortaleceu.<\/p>\n\n\n\n<div style=\"height:20px\" aria-hidden=\"true\" class=\"wp-block-spacer\"><\/div>\n\n\n\n<p>Na sequ\u00eancia, a Dra. Raquel nos conduziu a uma rica reflex\u00e3o sobre as Mulheres fortes e espiritualmente livres, destacando algumas das que, mesmo, quase sempre, invisibilizadas na Sagrada Escritura, foram fundamentais no projeto libertador de Jesus de Nazar\u00e9.<\/p>\n\n\n\n<div style=\"height:20px\" aria-hidden=\"true\" class=\"wp-block-spacer\"><\/div>\n\n\n\n<p>O momento de conviv\u00eancia com um delicioso Coffe break, favoreceu a partilha e a integra\u00e7\u00e3o entre as e os participantes.<\/p>\n\n\n\n<div style=\"height:20px\" aria-hidden=\"true\" class=\"wp-block-spacer\"><\/div>\n\n\n\n<p>Retomando as atividades, fomos impactadas pela poesia &#8220;O Grito das Mulheres&#8221;, uma forte den\u00fancia sobre o patriarcado, ao machismo e as diversas formas de viol\u00eancia que culminam no alarmante aumento do Feminic\u00eddio.<\/p>\n\n\n\n<div style=\"height:20px\" aria-hidden=\"true\" class=\"wp-block-spacer\"><\/div>\n\n\n\n<p>A Dra. Luzia Favetta aprofundou o tema apresentando os diversos tipos de abusos sofridos pelas mulheres &#8211; patrimonial, sexual,, f\u00edsico, psicol\u00f3gico, virtual, moral, institucional, pol\u00edtico &#8211; e, com coragem e muita consci\u00eancia, partilhou seu pr\u00f3prio testemunho de vida. Em um momento de profunda emo\u00e7\u00e3o e acolhida, convidou as mulheres que j\u00e1 sofreram algum tipo de abuso a se manifestarem simbolicamente com uma flor amarela.<\/p>\n\n\n\n<div style=\"height:20px\" aria-hidden=\"true\" class=\"wp-block-spacer\"><\/div>\n\n\n\n<p>Encerramos o F\u00f3rum com a aplica\u00e7\u00e3o de um question\u00e1rio, tarefa de casa, que servir\u00e1 como instrumento para a constru\u00e7\u00e3o do Plano de A\u00e7\u00e3o da Comiss\u00e3o de Mulheres do CNLB REGIONAL Sul 2, fortalecendo o compromisso com a promo\u00e7\u00e3o da dignidade das mulheres e o enfrentamento de todas as formas de viol\u00eancia.<\/p>\n\n\n\n<div style=\"height:20px\" aria-hidden=\"true\" class=\"wp-block-spacer\"><\/div>\n\n\n\n<p>Seguimos firmes, na f\u00e9 e na luta, por uma sociedade mais justa, fraterna e igualit\u00e1ria, testemunhando a Boa Nova de Jesus de Nazar\u00e9.<\/p>\n\n\n\n<div style=\"height:20px\" aria-hidden=\"true\" class=\"wp-block-spacer\"><\/div>\n\n\n\n<p><strong>Paz e Bem!<\/strong><\/p>\n\n\n\n<p>Rosa Diniz<br><em>Coordenadora da Equipe Colegiada do CNLB da Arquidiocese de Londrina<br>Coordenadora da Comiss\u00e3o Ampliada das Mulheres Crist\u00e3s Leigas do CNLB-SUL2 na Prov\u00edncia Eclesi\u00e1stica de Londrina<\/em><\/p>\n\n\n\n<p><\/p>\n","protected":false},"excerpt":{"rendered":"<p>Sobre a Viol\u00eancia contra as Mulheres, na Igreja e na Sociedade A &#8216;Comiss\u00e3o de Mulheres do CNLB do Regional Sul II&#8217; com o apoio e participa\u00e7\u00e3o da Equipe Colegiada do [&hellip;]<\/p>\n","protected":false},"author":1,"featured_media":0,"comment_status":"open","ping_status":"open","sticky":false,"template":"","format":"standard","meta":{"pagelayer_contact_templates":[],"_pagelayer_content":"","_EventAllDay":false,"_EventTimezone":"","_EventStartDate":"","_EventEndDate":"","_EventStartDateUTC":"","_EventEndDateUTC":"","_EventShowMap":false,"_EventShowMapLink":false,"_EventURL":"","_EventCost":"","_EventCostDescription":"","_EventCurrencySymbol":"","_EventCurrencyCode":"","_EventCurrencyPosition":"","_EventDateTimeSeparator":"","_EventTimeRangeSeparator":"","_EventOrganizerID":[],"_EventVenueID":[],"_OrganizerEmail":"","_OrganizerPhone":"","_OrganizerWebsite":"","_VenueAddress":"","_VenueCity":"","_VenueCountry":"","_VenueProvince":"","_VenueState":"","_VenueZip":"","_VenuePhone":"","_VenueURL":"","_VenueStateProvince":"","_VenueLat":"","_VenueLng":"","_VenueShowMap":false,"_VenueShowMapLink":false,"footnotes":""},"categories":[20],"tags":[],"class_list":["post-776","post","type-post","status-publish","format-standard","hentry","category-mulheres"],"_links":{"self":[{"href":"https:\/\/cnlbsul2.org.br\/site\/wp-json\/wp\/v2\/posts\/776","targetHints":{"allow":["GET"]}}],"collection":[{"href":"https:\/\/cnlbsul2.org.br\/site\/wp-json\/wp\/v2\/posts"}],"about":[{"href":"https:\/\/cnlbsul2.org.br\/site\/wp-json\/wp\/v2\/types\/post"}],"author":[{"embeddable":true,"href":"https:\/\/cnlbsul2.org.br\/site\/wp-json\/wp\/v2\/users\/1"}],"replies":[{"embeddable":true,"href":"https:\/\/cnlbsul2.org.br\/site\/wp-json\/wp\/v2\/comments?post=776"}],"version-history":[{"count":1,"href":"https:\/\/cnlbsul2.org.br\/site\/wp-json\/wp\/v2\/posts\/776\/revisions"}],"predecessor-version":[{"id":777,"href":"https:\/\/cnlbsul2.org.br\/site\/wp-json\/wp\/v2\/posts\/776\/revisions\/777"}],"wp:attachment":[{"href":"https:\/\/cnlbsul2.org.br\/site\/wp-json\/wp\/v2\/media?parent=776"}],"wp:term":[{"taxonomy":"category","embeddable":true,"href":"https:\/\/cnlbsul2.org.br\/site\/wp-json\/wp\/v2\/categories?post=776"},{"taxonomy":"post_tag","embeddable":true,"href":"https:\/\/cnlbsul2.org.br\/site\/wp-json\/wp\/v2\/tags?post=776"}],"curies":[{"name":"wp","href":"https:\/\/api.w.org\/{rel}","templated":true}]}}