{"id":760,"date":"2026-04-21T13:57:09","date_gmt":"2026-04-21T16:57:09","guid":{"rendered":"https:\/\/cnlbsul2.org.br\/site\/?p=760"},"modified":"2026-04-22T14:02:24","modified_gmt":"2026-04-22T17:02:24","slug":"1o-forum-de-mulheres-cristas-e-religiosas","status":"publish","type":"post","link":"https:\/\/cnlbsul2.org.br\/site\/2026\/04\/21\/1o-forum-de-mulheres-cristas-e-religiosas\/","title":{"rendered":"I F\u00f3rum sobre as Mulheres e a Viol\u00eancia na Igreja e na Sociedade"},"content":{"rendered":"\n<p>Comiss\u00e3o das Mulheres Crist\u00e3s Leigas e Religiosas do CNLB-SUL2<\/p>\n\n\n\n<figure class=\"wp-block-image size-large\"><img loading=\"lazy\" decoding=\"async\" width=\"1024\" height=\"576\" src=\"https:\/\/cnlbsul2.org.br\/site\/wp-content\/uploads\/2026\/04\/ImagemAbertura-1024x576.png\" alt=\"\" class=\"wp-image-761\" srcset=\"https:\/\/cnlbsul2.org.br\/site\/wp-content\/uploads\/2026\/04\/ImagemAbertura-1024x576.png 1024w, https:\/\/cnlbsul2.org.br\/site\/wp-content\/uploads\/2026\/04\/ImagemAbertura-300x169.png 300w, https:\/\/cnlbsul2.org.br\/site\/wp-content\/uploads\/2026\/04\/ImagemAbertura-768x432.png 768w, https:\/\/cnlbsul2.org.br\/site\/wp-content\/uploads\/2026\/04\/ImagemAbertura.png 1280w\" sizes=\"auto, (max-width: 1024px) 100vw, 1024px\" \/><\/figure>\n\n\n\n<p>O <em><strong>&#8220;I F\u00f3rum sobre as Mulheres e a Viol\u00eancia na Igreja e na Sociedade&#8221;<\/strong><\/em>, organizado e dirigido pela <em>&#8220;Comiss\u00e3o das Mulheres Crist\u00e3s Leigas e Religiosas do CNLB-SUL2&#8221;<\/em>, teve o acolhimento e aconteceu na Arquidiocese de Londrina, contando com a participa\u00e7\u00e3o de aproximadamente 50 mulheres da regi\u00e3o, onde refletimos sobre a viol\u00eancia contra as mulheres na Igreja e na sociedade, bem como sobre a import\u00e2ncia delas em ambos os espa\u00e7os, sobretudo na sua dimens\u00e3o sociopol\u00edtica e eclesial.<\/p>\n\n\n\n<div style=\"height:20px\" aria-hidden=\"true\" class=\"wp-block-spacer\"><\/div>\n\n\n\n<p>A mulher n\u00e3o pode continuar sendo coadjuvante nas a\u00e7\u00f5es da Igreja e, na sua participa\u00e7\u00e3o na vida p\u00fablica, tem que assumir seu protagonismo nessas dimens\u00f5es, trabalhar com determina\u00e7\u00e3o e coragem para que todas sejam uma forte express\u00e3o deste protagonismo, apoiando-se sempre no combate \u00e0 viol\u00eancia contra as mulheres.<\/p>\n\n\n\n<div style=\"height:20px\" aria-hidden=\"true\" class=\"wp-block-spacer\"><\/div>\n\n\n\n<p>Para chegarmos \u00e0 realiza\u00e7\u00e3o do I F\u00f3rum, a Comiss\u00e3o das Mulheres do CNLB-SUL2, teve um imenso trabalho de organiza\u00e7\u00e3o, com debates e troca de id\u00e9ias entre todas as mulheres que fazem parte da comiss\u00e3o do CNLB Regional Sul2 e que integram o formato de amplia\u00e7\u00e3o dessa Comiss\u00e3o, por todas as Prov\u00edncias Eclesi\u00e1sticas do Paran\u00e1, de modo que tem o acompanhamento da Coordena\u00e7\u00e3o Geral, da qual estou como Coordenadora, al\u00e9m do importante servi\u00e7o socioeclesial desempenhado pelas Coordena\u00e7\u00f5es da Articula\u00e7\u00e3o Institucional e da Comiss\u00e3o Ampliada da respectiva Prov\u00edncia, muito bem desenvolvidas pelas respons\u00e1veis Dr\u00aa Luzia Favetta e Rosa Diniz, respectivamente.<\/p>\n\n\n\n<div style=\"height:20px\" aria-hidden=\"true\" class=\"wp-block-spacer\"><\/div>\n\n\n\n<p>A Comiss\u00e3o das Mulheres Crist\u00e3s do CNLB-SUL2, foi projetado pelo desejo inicial da nossa articuladora institucional, a qual j\u00e1 vinha de movimento internacional das mulheres crist\u00e3s Leigas e Religiosas, em um servi\u00e7o socioeclesial crescente. A proposta da institui\u00e7\u00e3o de uma comiss\u00e3o espec\u00edfica, foi ent\u00e3o abra\u00e7ada por todas e todos em XXXVIII Assembleia do CNLB Regional Sul2.<\/p>\n\n\n\n<div style=\"height:20px\" aria-hidden=\"true\" class=\"wp-block-spacer\"><\/div>\n\n\n\n<p>Est\u00e3o agendados para outras cidades receberem o F\u00f3rum, ainda neste primeiro semestre: Guarapuava, Cascavel, Jacarezinho, Maring\u00e1, Curitiba, e demais Cidades dentro do nosso Regional, tamb\u00e9m est\u00e3o sob a articula\u00e7\u00e3o institucional.<\/p>\n\n\n\n<div style=\"height:20px\" aria-hidden=\"true\" class=\"wp-block-spacer\"><\/div>\n\n\n\n<p>Todo o trabalho desenvolvido na sequ\u00eancia dos F\u00f3runs, tem objetivos e finalidades primordiais, al\u00e9m de trazer a realidade da viol\u00eancia em suas diversas formas sofridas pelas mulheres tanto na igreja como na sociedade. E n\u00e3o podemos fechar os olhos para isso. Os fatos est\u00e3o nas estat\u00edsticas.<\/p>\n\n\n\n<div style=\"height:20px\" aria-hidden=\"true\" class=\"wp-block-spacer\"><\/div>\n\n\n\n<p>Como mulheres crist\u00e3s, n\u00e3o podemos e n\u00e3o vamos nos omitir em nos posicionar para acolher estas mulheres que s\u00e3o afetadas na ess\u00eancia de sua dignidade humana e pagando um pre\u00e7o alto com a pr\u00f3pria vida. Uma d\u00edvida que n\u00e3o \u00e9 delas, mas compromisso de todos n\u00f3s, homens e mulheres. Vamos juntas e juntos, todos, abra\u00e7ar esse projeto de acolhimento, escuta, orienta\u00e7\u00e3o e encaminhamentos. A Igreja como Povo de Deus, n\u00e3o pode omitir-se diante do altamente \u00edndice de viol\u00eancias contra as mulheres, desde sua inf\u00e2ncia at\u00e9 a vida idosa. Mulheres merecem o respeito e a dignidade, em igualdade de g\u00eanero.<\/p>\n\n\n\n<div style=\"height:20px\" aria-hidden=\"true\" class=\"wp-block-spacer\"><\/div>\n\n\n\n<p>A Comiss\u00e3o das Mulheres Crist\u00e3s Leigas e Religiosas do CNLB-SUL2, organismo (CNLB-SUL2) que vem sendo conduzido pelo Presidente Paulo Conte, de Mandaguari PR, o qual apoia incondicionalmente esta Comiss\u00e3o, assumiu o fato de que todos n\u00f3s crist\u00e3s e crist\u00e3os, devemos nos posicionar no compromisso em defesa das mulheres.<\/p>\n\n\n\n<div style=\"height:20px\" aria-hidden=\"true\" class=\"wp-block-spacer\"><\/div>\n\n\n\n<p>Por isso, a Comiss\u00e3o das Mulheres Crist\u00e3s do CNLB-SUL2 delegou uma Coordenadora para comiss\u00e3o ampliada de cada Prov\u00edncia, e esta com suas colegiadas, devendo estarem em sintonia com o Presid\u00eancia Eclesi\u00e1stica do CNLB da respectiva Provincia, com as Coordena\u00e7\u00f5es das A\u00e7\u00f5es Evangelizadoras e consequentemente com o clero e a CNBB Regional. Assim definido por ora: para Prov\u00edncia de Londrina, Coordenadora Ampliada a atuante Rosa Diniz; Prov\u00edncia de Curitiba, a articuladora institucional da Comiss\u00e3o das Mulheres do CNLB-SUL2, Luzia Aparecida Favetta; da Prov\u00edncia Eclesi\u00e1stica de Cascavel, a Marli Terezinha Doneda Silva e pela Prov\u00edncia de Maring\u00e1, Tereza Maria Pauliqui Peruso.<\/p>\n\n\n\n<div style=\"height:20px\" aria-hidden=\"true\" class=\"wp-block-spacer\"><\/div>\n\n\n\n<p>Para toda a organiza\u00e7\u00e3o dos F\u00f3runs, contamos com o apoio das Colegiadas Leigas e Religiosas de cada Prov\u00edncia.<\/p>\n\n\n\n<div style=\"height:20px\" aria-hidden=\"true\" class=\"wp-block-spacer\"><\/div>\n\n\n\n<p>Ressaltamos que na constitui\u00e7\u00e3o da Comiss\u00e3o junto ao CNLB Sul2, em mar\u00e7o de 2025, foi fundamental o apoio e orienta\u00e7\u00e3o do Arcebispo Metropolitano de Maring\u00e1 Dom Frei Severino Clasen que, \u00e0 \u00e9poca, Bispo Referencial para o Laicato no Sul2. Hoje, sob o entusiasmo e condu\u00e7\u00e3o de Dom Jos\u00e9 M\u00e1rio Scalone Angonese, Arcebispo Metropolitano da Arquidiocese de Cascavel-PR.<\/p>\n\n\n\n<div style=\"height:20px\" aria-hidden=\"true\" class=\"wp-block-spacer\"><\/div>\n\n\n\n<p>Este primeiro F\u00f3rum contou com duas assessoras, a Dr\u00aa Irm\u00e3 Raquel da Arquidiocese de Londrina e vindo da Diocese de S\u00e3o Jos\u00e9 dos Pinhais, de servi\u00e7o pastoral, a Dr\u00aa Luzia Favetta, primeira vice-presidente do CNLB Sul2 e que \u00e9 uma das idealizadoras e a atual Articuladora Institucional da Comiss\u00e3o das Mulheres Crist\u00e3s do organismo e presidente do Movimento Internacional das Mulheres Crist\u00e3s Leigas e Religiosas.<\/p>\n\n\n\n<div style=\"height:20px\" aria-hidden=\"true\" class=\"wp-block-spacer\"><\/div>\n\n\n\n<p><strong><em>Rosa Marques<\/em><\/strong><br><em>Coordenadora Geral da Comiss\u00e3o das Mulheres Crist\u00e3s Leigas e Religiosas do<br>CNLB Regional Sul II<\/em><\/p>\n","protected":false},"excerpt":{"rendered":"<p>Comiss\u00e3o das Mulheres Crist\u00e3s Leigas e Religiosas do CNLB-SUL2 O &#8220;I F\u00f3rum sobre as Mulheres e a Viol\u00eancia na Igreja e na Sociedade&#8221;, organizado e dirigido pela &#8220;Comiss\u00e3o das Mulheres [&hellip;]<\/p>\n","protected":false},"author":1,"featured_media":0,"comment_status":"open","ping_status":"open","sticky":false,"template":"","format":"standard","meta":{"pagelayer_contact_templates":[],"_pagelayer_content":"","_EventAllDay":false,"_EventTimezone":"","_EventStartDate":"","_EventEndDate":"","_EventStartDateUTC":"","_EventEndDateUTC":"","_EventShowMap":false,"_EventShowMapLink":false,"_EventURL":"","_EventCost":"","_EventCostDescription":"","_EventCurrencySymbol":"","_EventCurrencyCode":"","_EventCurrencyPosition":"","_EventDateTimeSeparator":"","_EventTimeRangeSeparator":"","_EventOrganizerID":[],"_EventVenueID":[],"_OrganizerEmail":"","_OrganizerPhone":"","_OrganizerWebsite":"","_VenueAddress":"","_VenueCity":"","_VenueCountry":"","_VenueProvince":"","_VenueState":"","_VenueZip":"","_VenuePhone":"","_VenueURL":"","_VenueStateProvince":"","_VenueLat":"","_VenueLng":"","_VenueShowMap":false,"_VenueShowMapLink":false,"footnotes":""},"categories":[20],"tags":[],"class_list":["post-760","post","type-post","status-publish","format-standard","hentry","category-mulheres"],"_links":{"self":[{"href":"https:\/\/cnlbsul2.org.br\/site\/wp-json\/wp\/v2\/posts\/760","targetHints":{"allow":["GET"]}}],"collection":[{"href":"https:\/\/cnlbsul2.org.br\/site\/wp-json\/wp\/v2\/posts"}],"about":[{"href":"https:\/\/cnlbsul2.org.br\/site\/wp-json\/wp\/v2\/types\/post"}],"author":[{"embeddable":true,"href":"https:\/\/cnlbsul2.org.br\/site\/wp-json\/wp\/v2\/users\/1"}],"replies":[{"embeddable":true,"href":"https:\/\/cnlbsul2.org.br\/site\/wp-json\/wp\/v2\/comments?post=760"}],"version-history":[{"count":8,"href":"https:\/\/cnlbsul2.org.br\/site\/wp-json\/wp\/v2\/posts\/760\/revisions"}],"predecessor-version":[{"id":775,"href":"https:\/\/cnlbsul2.org.br\/site\/wp-json\/wp\/v2\/posts\/760\/revisions\/775"}],"wp:attachment":[{"href":"https:\/\/cnlbsul2.org.br\/site\/wp-json\/wp\/v2\/media?parent=760"}],"wp:term":[{"taxonomy":"category","embeddable":true,"href":"https:\/\/cnlbsul2.org.br\/site\/wp-json\/wp\/v2\/categories?post=760"},{"taxonomy":"post_tag","embeddable":true,"href":"https:\/\/cnlbsul2.org.br\/site\/wp-json\/wp\/v2\/tags?post=760"}],"curies":[{"name":"wp","href":"https:\/\/api.w.org\/{rel}","templated":true}]}}