{"id":714,"date":"2026-03-30T02:47:38","date_gmt":"2026-03-30T05:47:38","guid":{"rendered":"https:\/\/cnlbsul2.org.br\/site\/?p=714"},"modified":"2026-03-30T02:59:18","modified_gmt":"2026-03-30T05:59:18","slug":"ago-do-cnlb-s2","status":"publish","type":"post","link":"https:\/\/cnlbsul2.org.br\/site\/2026\/03\/30\/ago-do-cnlb-s2\/","title":{"rendered":"AGO do CNLB S2"},"content":{"rendered":"\n<p><em>Londrina, 29 de mar\u00e7o de 2026<\/em><\/p>\n\n\n\n<div style=\"height:20px\" aria-hidden=\"true\" class=\"wp-block-spacer\"><\/div>\n\n\n\n<figure class=\"wp-block-image size-large\"><img loading=\"lazy\" decoding=\"async\" width=\"1024\" height=\"768\" src=\"https:\/\/cnlbsul2.org.br\/site\/wp-content\/uploads\/2026\/03\/XXXIX_AGO_CNLBSul2_Londrina_20260327-1024x768.jpeg\" alt=\"\" class=\"wp-image-717\" srcset=\"https:\/\/cnlbsul2.org.br\/site\/wp-content\/uploads\/2026\/03\/XXXIX_AGO_CNLBSul2_Londrina_20260327-1024x768.jpeg 1024w, https:\/\/cnlbsul2.org.br\/site\/wp-content\/uploads\/2026\/03\/XXXIX_AGO_CNLBSul2_Londrina_20260327-300x225.jpeg 300w, https:\/\/cnlbsul2.org.br\/site\/wp-content\/uploads\/2026\/03\/XXXIX_AGO_CNLBSul2_Londrina_20260327-768x576.jpeg 768w, https:\/\/cnlbsul2.org.br\/site\/wp-content\/uploads\/2026\/03\/XXXIX_AGO_CNLBSul2_Londrina_20260327.jpeg 1280w\" sizes=\"auto, (max-width: 1024px) 100vw, 1024px\" \/><\/figure>\n\n\n\n<p>Queridos irm\u00e3os e irm\u00e3s em Cristo!<\/p>\n\n\n\n<div style=\"height:20px\" aria-hidden=\"true\" class=\"wp-block-spacer\"><\/div>\n\n\n\n<p>N\u00f3s, do<strong><em> Conselho Nacional do Laicato do Brasil no Regional Sul 2 (CNLB S2)<\/em><\/strong>, estivemos reunidos na Arquidiocese de Londrina, nos dias 27, 28 e 29 de mar\u00e7o de 2026, em nossa XXXIX Assembleia Geral Ordin\u00e1ria (AGO), com representantes de 12 das 18 dioceses e arquidioceses que comp\u00f5em o nosso Regional e iluminados pelo Tema <strong><em>&#8220;O papel do CNLB na Igreja e na Sociedade&#8221;<\/em><\/strong> e o Lema: <strong><em>&#8220;Ainda muitos outros creram nele por causa das suas palavras&#8221;<\/em><\/strong><em> (Jo 4,41).<\/em><\/p>\n\n\n\n<div style=\"height:20px\" aria-hidden=\"true\" class=\"wp-block-spacer\"><\/div>\n\n\n\n<p>Foram dias de intensa ora\u00e7\u00e3o, celebra\u00e7\u00e3o e reflex\u00e3o, nos quais pudemos aprofundar a nossa caminhada como Organismo do Povo de Deus. Inspirados pela Doutrina Social da Igreja, refletimos sobre temas que tocam diretamente a vida e a miss\u00e3o dos leigos e leigas: <strong><em>Juventudes, Mulheres, &#8216;Povos Origin\u00e1rios&#8217; e &#8216;F\u00e9 e Pol\u00edtica&#8217;.<\/em><\/strong> Vale aqui lembrar a participa\u00e7\u00e3o prof\u00e9tica e intensa se nosso Bispo Referencial <strong><em>Dom Jos\u00e9 Mario Scalon<\/em><\/strong>, arcebispo da <strong><em>Arquidiocese de Cascavel<\/em><\/strong>.<\/p>\n\n\n\n<div style=\"height:20px\" aria-hidden=\"true\" class=\"wp-block-spacer\"><\/div>\n\n\n\n<p>A partilha entre as mais de 40 delegadas e delegados, convidadas e convidados, sempre sob o olhar atento de nossa assessora <strong><em>Moema Viezzer<\/em><\/strong>, nos ajudaram a compreender melhor as dores e esperan\u00e7as presentes em nossas comunidades. Juntos, buscamos caminhos para fortalecer o nosso protagonismo laical e a responder aos clamores de justi\u00e7a, dignidade e paz que ecoam em nosso Regional.<\/p>\n\n\n\n<div style=\"height:20px\" aria-hidden=\"true\" class=\"wp-block-spacer\"><\/div>\n\n\n\n<p>Sa\u00edmos desta Assembleia com compromissos renovados e com ardor mission\u00e1rio. Somos chamados a ser Igreja em sa\u00edda, testemunhando o Evangelho em Sinodalidade no mundo secular e contribuindo para a constru\u00e7\u00e3o da <strong><em>Civiliza\u00e7\u00e3o do Amor<\/em><\/strong>. Essa miss\u00e3o n\u00e3o \u00e9 apenas dos bispos, presb\u00edteros e religiosos, mas sobretudo dos fi\u00e9is crist\u00e3os n\u00e3o ordenados, que, no cotidiano da vida (mundo secular), s\u00e3o presen\u00e7a viva de Cristo nas fam\u00edlias, nos ambientes de trabalho, na pol\u00edtica, na cultura e em todas as dimens\u00f5es da sociedade.<\/p>\n\n\n\n<div style=\"height:20px\" aria-hidden=\"true\" class=\"wp-block-spacer\"><\/div>\n\n\n\n<p>Por isso, convidamos voc\u00ea, leigo e leiga, a se unir a n\u00f3s nesta grande miss\u00e3o. Sua voz, sua a\u00e7\u00e3o e sua f\u00e9 s\u00e3o indispens\u00e1veis para que possamos caminhar juntos, em comunh\u00e3o com nossas dioceses, Pastorais, Movimentos, Organismos, Servi\u00e7os e Carismas (PMOSC).<\/p>\n\n\n\n<div style=\"height:20px\" aria-hidden=\"true\" class=\"wp-block-spacer\"><\/div>\n\n\n\n<p>Quer conhecer melhor o CNLB do Regional Sul 2? Entre em contato conosco pelo <strong><em>WhatsApp (41) 98489-7110<\/em><\/strong> ou pelo e-mail <a href=\"mailto:secretaria@cnlbsul2.org.br\">secretaria@cnlbsul2.org.br<\/a><\/p>\n\n\n\n<div style=\"height:20px\" aria-hidden=\"true\" class=\"wp-block-spacer\"><\/div>\n\n\n\n<p><em>Estamos esperando por voc\u00ea! Venha ser protagonista na miss\u00e3o de construir a Civiliza\u00e7\u00e3o do Amor.<\/em><\/p>\n\n\n\n<div style=\"height:20px\" aria-hidden=\"true\" class=\"wp-block-spacer\"><\/div>\n\n\n\n<p>Em Cristo Jesus,<\/p>\n\n\n\n<p>CNLB do Regional Sul 2<br><strong><em>Paulo Conte<br>Presidente<\/em><\/strong><\/p>\n","protected":false},"excerpt":{"rendered":"<p>Londrina, 29 de mar\u00e7o de 2026 Queridos irm\u00e3os e irm\u00e3s em Cristo! N\u00f3s, do Conselho Nacional do Laicato do Brasil no Regional Sul 2 (CNLB S2), estivemos reunidos na Arquidiocese [&hellip;]<\/p>\n","protected":false},"author":1,"featured_media":0,"comment_status":"open","ping_status":"open","sticky":false,"template":"","format":"standard","meta":{"pagelayer_contact_templates":[],"_pagelayer_content":"","_EventAllDay":false,"_EventTimezone":"","_EventStartDate":"","_EventEndDate":"","_EventStartDateUTC":"","_EventEndDateUTC":"","_EventShowMap":false,"_EventShowMapLink":false,"_EventURL":"","_EventCost":"","_EventCostDescription":"","_EventCurrencySymbol":"","_EventCurrencyCode":"","_EventCurrencyPosition":"","_EventDateTimeSeparator":"","_EventTimeRangeSeparator":"","_EventOrganizerID":[],"_EventVenueID":[],"_OrganizerEmail":"","_OrganizerPhone":"","_OrganizerWebsite":"","_VenueAddress":"","_VenueCity":"","_VenueCountry":"","_VenueProvince":"","_VenueState":"","_VenueZip":"","_VenuePhone":"","_VenueURL":"","_VenueStateProvince":"","_VenueLat":"","_VenueLng":"","_VenueShowMap":false,"_VenueShowMapLink":false,"footnotes":""},"categories":[43,19,44,20,45],"tags":[],"class_list":["post-714","post","type-post","status-publish","format-standard","hentry","category-cnlb","category-fe-e-politica","category-juventude","category-mulheres","category-povo-originarios"],"_links":{"self":[{"href":"https:\/\/cnlbsul2.org.br\/site\/wp-json\/wp\/v2\/posts\/714","targetHints":{"allow":["GET"]}}],"collection":[{"href":"https:\/\/cnlbsul2.org.br\/site\/wp-json\/wp\/v2\/posts"}],"about":[{"href":"https:\/\/cnlbsul2.org.br\/site\/wp-json\/wp\/v2\/types\/post"}],"author":[{"embeddable":true,"href":"https:\/\/cnlbsul2.org.br\/site\/wp-json\/wp\/v2\/users\/1"}],"replies":[{"embeddable":true,"href":"https:\/\/cnlbsul2.org.br\/site\/wp-json\/wp\/v2\/comments?post=714"}],"version-history":[{"count":6,"href":"https:\/\/cnlbsul2.org.br\/site\/wp-json\/wp\/v2\/posts\/714\/revisions"}],"predecessor-version":[{"id":725,"href":"https:\/\/cnlbsul2.org.br\/site\/wp-json\/wp\/v2\/posts\/714\/revisions\/725"}],"wp:attachment":[{"href":"https:\/\/cnlbsul2.org.br\/site\/wp-json\/wp\/v2\/media?parent=714"}],"wp:term":[{"taxonomy":"category","embeddable":true,"href":"https:\/\/cnlbsul2.org.br\/site\/wp-json\/wp\/v2\/categories?post=714"},{"taxonomy":"post_tag","embeddable":true,"href":"https:\/\/cnlbsul2.org.br\/site\/wp-json\/wp\/v2\/tags?post=714"}],"curies":[{"name":"wp","href":"https:\/\/api.w.org\/{rel}","templated":true}]}}