{"id":677,"date":"2026-01-20T12:16:13","date_gmt":"2026-01-20T15:16:13","guid":{"rendered":"https:\/\/cnlbsul2.org.br\/site\/?p=677"},"modified":"2026-01-21T19:16:23","modified_gmt":"2026-01-21T22:16:23","slug":"xxxix-ago-do-cnlb-do-rs2","status":"publish","type":"post","link":"https:\/\/cnlbsul2.org.br\/site\/2026\/01\/20\/xxxix-ago-do-cnlb-do-rs2\/","title":{"rendered":"XXXIX AGO do CNLB do RS2"},"content":{"rendered":"\n<figure class=\"wp-block-image aligncenter size-thumbnail\"><img loading=\"lazy\" decoding=\"async\" width=\"150\" height=\"150\" src=\"https:\/\/cnlbsul2.org.br\/site\/wp-content\/uploads\/2026\/01\/MaosUnidas-150x150.jpeg\" alt=\"\" class=\"wp-image-683\" srcset=\"https:\/\/cnlbsul2.org.br\/site\/wp-content\/uploads\/2026\/01\/MaosUnidas-150x150.jpeg 150w, https:\/\/cnlbsul2.org.br\/site\/wp-content\/uploads\/2026\/01\/MaosUnidas-300x300.jpeg 300w, https:\/\/cnlbsul2.org.br\/site\/wp-content\/uploads\/2026\/01\/MaosUnidas-1024x1019.jpeg 1024w, https:\/\/cnlbsul2.org.br\/site\/wp-content\/uploads\/2026\/01\/MaosUnidas-768x764.jpeg 768w, https:\/\/cnlbsul2.org.br\/site\/wp-content\/uploads\/2026\/01\/MaosUnidas.jpeg 1200w\" sizes=\"auto, (max-width: 150px) 100vw, 150px\" \/><\/figure>\n\n\n\n<p><strong>XXXIX Assembleia Geral Ordin\u00e1ria do CNLB do Regional Sul 2<\/strong><\/p>\n\n\n\n<p>Ol\u00e1, Povo de Deus, laicato do Regional Sul 2!<\/p>\n\n\n\n<div style=\"height:20px\" aria-hidden=\"true\" class=\"wp-block-spacer\"><\/div>\n\n\n\n<p>Chegou o momento de unirmos for\u00e7as e renovarmos nosso compromisso mission\u00e1rio. Esta \u00e9 a sua oportunidade de ser protagonista na constru\u00e7\u00e3o do Reino e fortalecer a nossa caminhada conjunta.<\/p>\n\n\n\n<p><strong><em>VENHA PARTICIPAR CONOSCO!<\/em><\/strong><\/p>\n\n\n\n<div style=\"height:20px\" aria-hidden=\"true\" class=\"wp-block-spacer\"><\/div>\n\n\n\n<p>O qu\u00ea?<\/p>\n\n\n\n<p><strong><em>XXXIX Assembleia Geral Ordin\u00e1ria do CNLB Sul 2<\/em><\/strong> que ser\u00e1 muito mais do que uma reuni\u00e3o, ser\u00e1 um espa\u00e7o de constru\u00e7\u00e3o coletiva para a tomada de decis\u00f5es acerca da Miss\u00e3o Evangelizadora do Conselho Nacional do Laicato do Brasil no nosso Regional. Ser\u00e1 um momento impar de nossa comunh\u00e3o e da defini\u00e7\u00e3o dos caminhos por onde seguir!<\/p>\n\n\n\n<div style=\"height:20px\" aria-hidden=\"true\" class=\"wp-block-spacer\"><\/div>\n\n\n\n<p>E &#8216;Porqu\u00ea&#8217; precisamos de uma AGO?<\/p>\n\n\n\n<p>Porque somos chamados a refletir profundamente sobre &#8220;<strong><em>O papel do CNLB na Igreja e na Sociedade<\/em><\/strong>&#8220;. \u00c0 luz do magist\u00e9rio da Igreja, para bem promover a sinodalidade sobretudo junto aos demais organismos do povo de Deus. O nosso desafio \u00e9 inspirado pelo lema b\u00edblico: &#8220;<strong><em>Ainda muitos outros creram nele por causa das suas palavras<\/em><\/strong>&#8221; (<em>Jo 4,41<\/em>). E por isto, sua presen\u00e7a \u00e9 vital para que essa mensagem alcance ainda mais cora\u00e7\u00f5es.<\/p>\n\n\n\n<div style=\"height:20px\" aria-hidden=\"true\" class=\"wp-block-spacer\"><\/div>\n\n\n\n<p>Para qu\u00ea?<\/p>\n\n\n\n<p>Para que os resultados possam ser de fato, concretos! Por isto, vamos <strong><em>trabalhar junto a projetos priorit\u00e1rios<\/em><\/strong> como \u00e9 o caso da &#8220;Escola de Doutrina Social da Igreja&#8221; e tamb\u00e9m refletir sobre como bem usar o novo portal do CNLB Sul 2: &#8220;cnlbsul2.org.br&#8221;, como uma ferramenta estrat\u00e9gica de organiza\u00e7\u00e3o e comunica\u00e7\u00e3o dos crist\u00e3os leigos e leigas. O objetivo \u00e9 sair deste encontro com diretrizes ainda mais bem definidas, para a nossa a\u00e7\u00e3o evangelizadora.<\/p>\n\n\n\n<div style=\"height:20px\" aria-hidden=\"true\" class=\"wp-block-spacer\"><\/div>\n\n\n\n<p>E Como?<\/p>\n\n\n\n<p>Participando ativamente!<\/p>\n\n\n\n<p>1.&nbsp; Se Inscrevendo: O prazo vai <strong><em>at\u00e9 o dia 15\/03\/26<\/em><\/strong> atrav\u00e9s do link <a href=\"https:\/\/forms.office.com\/r\/SSvBUJwqt00?origin=lprLink\">https:\/\/forms.office.com\/r\/SSvBUJwqt00?origin=lprLink<\/a><\/p>\n\n\n\n<p>2.&nbsp; Tamb\u00e9m Investindo: Teremos uma <strong><em>taxa de R$ 350,00<\/em><\/strong> (dep\u00f3sito ou PIX para o CNLB Sul 2) por inscrito.<\/p>\n\n\n\n<p>3.&nbsp; Preparando sua mala: <strong><em>Leve roupa de cama, banho, cobertor, travesseiro e itens de higiene pessoal.<\/em><\/strong><\/p>\n\n\n\n<p>4.&nbsp; E tamb\u00e9m&#8230; Muita Aten\u00e7\u00e3o: <strong><em>Se tiver restri\u00e7\u00e3o alimentar, informe no seu cadastro.<\/em><\/strong><\/p>\n\n\n\n<div style=\"height:20px\" aria-hidden=\"true\" class=\"wp-block-spacer\"><\/div>\n\n\n\n<p>Quando?<\/p>\n\n\n\n<p>Reservando esta data na sua agenda:<\/p>\n\n\n\n<p>* <strong>In\u00edcio<\/strong>: <strong><em>27 de mar\u00e7o de 2026<\/em><\/strong> (sexta-feira), \u00e0s 19 horas.<\/p>\n\n\n\n<p><strong>* T\u00e9rmino: <em>29 de mar\u00e7o de 2026<\/em> (domingo), \u00e0s 13 horas.<\/strong><\/p>\n\n\n\n<div style=\"height:20px\" aria-hidden=\"true\" class=\"wp-block-spacer\"><\/div>\n\n\n\n<p>Onde?<\/p>\n\n\n\n<p>Nos encontraremos na cidade de <strong><em>Londrina \u2013 PR<\/em><\/strong>, na Ch\u00e1cara S\u00e3o Jos\u00e9 (em breve, link neste local).<\/p>\n\n\n\n<div style=\"height:20px\" aria-hidden=\"true\" class=\"wp-block-spacer\"><\/div>\n\n\n\n<p>Para quem?<\/p>\n\n\n\n<p>Este chamado \u00e9 para nossas lideran\u00e7as laicais e <strong><em>para todas e todos os crist\u00e3os<\/em><\/strong> que estejam dispostos a fazer a diferen\u00e7a: Bispos, Coordenadores Diocesanos de A\u00e7\u00e3o Evangelizadora, Presidentes e Coordenadores de CNLBs, Movimentos, Pastorais, Servi\u00e7os enfim, para todos os <strong><em>Crist\u00e3os Leigos e Leigas<\/em><\/strong>.<\/p>\n\n\n\n<p>Vamos juntos fortalecer uma Igreja Sinodal no nosso querido Paran\u00e1!<\/p>\n\n\n\n<div style=\"height:20px\" aria-hidden=\"true\" class=\"wp-block-spacer\"><\/div>\n\n\n\n<p>D\u00favidas? Entre em contato conosco pelo <strong><em>WhatsApp (41) 98489-7110<\/em><\/strong> ou pelo e-mail <strong><em>secretaria@cnlbsul2.org.br.<\/em><\/strong><\/p>\n","protected":false},"excerpt":{"rendered":"<p>XXXIX Assembleia Geral Ordin\u00e1ria do CNLB do Regional Sul 2 Ol\u00e1, Povo de Deus, laicato do Regional Sul 2! Chegou o momento de unirmos for\u00e7as e renovarmos nosso compromisso mission\u00e1rio. [&hellip;]<\/p>\n","protected":false},"author":1,"featured_media":0,"comment_status":"open","ping_status":"open","sticky":false,"template":"","format":"standard","meta":{"pagelayer_contact_templates":[],"_pagelayer_content":"","_EventAllDay":false,"_EventTimezone":"","_EventStartDate":"","_EventEndDate":"","_EventStartDateUTC":"","_EventEndDateUTC":"","_EventShowMap":false,"_EventShowMapLink":false,"_EventURL":"","_EventCost":"","_EventCostDescription":"","_EventCurrencySymbol":"","_EventCurrencyCode":"","_EventCurrencyPosition":"","_EventDateTimeSeparator":"","_EventTimeRangeSeparator":"","_EventOrganizerID":[],"_EventVenueID":[],"_OrganizerEmail":"","_OrganizerPhone":"","_OrganizerWebsite":"","_VenueAddress":"","_VenueCity":"","_VenueCountry":"","_VenueProvince":"","_VenueState":"","_VenueZip":"","_VenuePhone":"","_VenueURL":"","_VenueStateProvince":"","_VenueLat":"","_VenueLng":"","_VenueShowMap":false,"_VenueShowMapLink":false,"footnotes":""},"categories":[1],"tags":[],"class_list":["post-677","post","type-post","status-publish","format-standard","hentry","category-uncategorized"],"_links":{"self":[{"href":"https:\/\/cnlbsul2.org.br\/site\/wp-json\/wp\/v2\/posts\/677","targetHints":{"allow":["GET"]}}],"collection":[{"href":"https:\/\/cnlbsul2.org.br\/site\/wp-json\/wp\/v2\/posts"}],"about":[{"href":"https:\/\/cnlbsul2.org.br\/site\/wp-json\/wp\/v2\/types\/post"}],"author":[{"embeddable":true,"href":"https:\/\/cnlbsul2.org.br\/site\/wp-json\/wp\/v2\/users\/1"}],"replies":[{"embeddable":true,"href":"https:\/\/cnlbsul2.org.br\/site\/wp-json\/wp\/v2\/comments?post=677"}],"version-history":[{"count":9,"href":"https:\/\/cnlbsul2.org.br\/site\/wp-json\/wp\/v2\/posts\/677\/revisions"}],"predecessor-version":[{"id":716,"href":"https:\/\/cnlbsul2.org.br\/site\/wp-json\/wp\/v2\/posts\/677\/revisions\/716"}],"wp:attachment":[{"href":"https:\/\/cnlbsul2.org.br\/site\/wp-json\/wp\/v2\/media?parent=677"}],"wp:term":[{"taxonomy":"category","embeddable":true,"href":"https:\/\/cnlbsul2.org.br\/site\/wp-json\/wp\/v2\/categories?post=677"},{"taxonomy":"post_tag","embeddable":true,"href":"https:\/\/cnlbsul2.org.br\/site\/wp-json\/wp\/v2\/tags?post=677"}],"curies":[{"name":"wp","href":"https:\/\/api.w.org\/{rel}","templated":true}]}}