{"id":505,"date":"2025-09-21T00:43:15","date_gmt":"2025-09-21T03:43:15","guid":{"rendered":"https:\/\/cnlbsul2.org.br\/site\/?p=505"},"modified":"2025-09-21T09:07:45","modified_gmt":"2025-09-21T12:07:45","slug":"nota-de-repudio-a-votacao-da-pec-da-blindagem","status":"publish","type":"post","link":"https:\/\/cnlbsul2.org.br\/site\/2025\/09\/21\/nota-de-repudio-a-votacao-da-pec-da-blindagem\/","title":{"rendered":"Nota de Rep\u00fadio \u00e0 vota\u00e7\u00e3o da &#8220;PEC da Blindagem&#8221;"},"content":{"rendered":"\n<p>O <strong>Conselho Nacional do Laicato do Brasil \u2013 Regional Sul 2<\/strong> vem, por meio desta nota, manifestar veementemente seu <strong>rep\u00fadio <\/strong>\u00e0 aprova\u00e7\u00e3o do texto-base da <strong>Proposta de Emenda \u00e0 Constitui\u00e7\u00e3o (PEC)<\/strong>, votada na C\u00e2mara dos Deputados, conhecida como <strong>\u201cPEC da Blindagem\u201d<\/strong>.<\/p>\n\n\n\n<div style=\"height:10px\" aria-hidden=\"true\" class=\"wp-block-spacer\"><\/div>\n\n\n\n<p>Esta proposta, ao estabelecer barreiras para a responsabiliza\u00e7\u00e3o criminal de parlamentares, abre espa\u00e7o para privil\u00e9gios indevidos, enfraquecendo o princ\u00edpio republicano da igualdade perante a lei. Em vez de zelar pelo bem comum, a medida favorece a autoprote\u00e7\u00e3o corporativa e dist\u00e2ncia ainda mais a pol\u00edtica da vida e das necessidades do povo brasileiro.<\/p>\n\n\n\n<div style=\"height:10px\" aria-hidden=\"true\" class=\"wp-block-spacer\"><\/div>\n\n\n\n<p>A sociedade espera de seus representantes transpar\u00eancia, \u00e9tica e compromisso com a justi\u00e7a social. Qualquer tentativa de restringir a atua\u00e7\u00e3o da justi\u00e7a em rela\u00e7\u00e3o a parlamentares constitui grave retrocesso democr\u00e1tico e amea\u00e7a \u00e0 credibilidade das institui\u00e7\u00f5es.<\/p>\n\n\n\n<div style=\"height:10px\" aria-hidden=\"true\" class=\"wp-block-spacer\"><\/div>\n\n\n\n<p><strong>Inspirados pelo Evangelho e pela Doutrina Social da Igreja<\/strong>, reafirmamos nosso compromisso com a democracia, a justi\u00e7a e a dignidade da pessoa humana. Seguiremos vigilantes e atuantes, para que a vida pol\u00edtica seja instrumento de servi\u00e7o e n\u00e3o de privil\u00e9gio.<\/p>\n\n\n\n<div style=\"height:10px\" aria-hidden=\"true\" class=\"wp-block-spacer\"><\/div>\n\n\n\n<p>Com estima fraterna,<\/p>\n\n\n\n<div style=\"height:10px\" aria-hidden=\"true\" class=\"wp-block-spacer\"><\/div>\n\n\n\n<p>Paulo Conte<\/p>\n\n\n\n<p class=\"has-small-font-size\"><em><strong>Presidente<\/strong><\/em><\/p>\n\n\n\n<p class=\"has-small-font-size\"><em>CNLB Sul 2<\/em><\/p>\n\n\n\n<div style=\"height:10px\" aria-hidden=\"true\" class=\"wp-block-spacer\"><\/div>\n\n\n\n<p>Dr. Claudimar Barbosa da Silva<\/p>\n\n\n\n<p class=\"has-small-font-size\"><em>Coordenador<\/em><\/p>\n\n\n\n<p class=\"has-small-font-size\"><em><strong>Comiss\u00e3o de F\u00e9 e Pol\u00edtica<\/strong><\/em><\/p>\n\n\n\n<p class=\"has-small-font-size\"><em>CNLB Sul 2<\/em><\/p>\n\n\n\n<div style=\"height:20px\" aria-hidden=\"true\" class=\"wp-block-spacer\"><\/div>\n\n\n\n<p>Dr. Walter de Souza Fernandes<\/p>\n\n\n\n<p class=\"has-small-font-size\">Coordenador<\/p>\n\n\n\n<p class=\"has-small-font-size\"><strong><em>Comiss\u00e3o de Incid\u00eancia Pol\u00edtica<\/em><\/strong><\/p>\n\n\n\n<p class=\"has-small-font-size\">CNLB Sul 2<\/p>\n","protected":false},"excerpt":{"rendered":"<p>O Conselho Nacional do Laicato do Brasil \u2013 Regional Sul 2 vem, por meio desta nota, manifestar veementemente seu rep\u00fadio \u00e0 aprova\u00e7\u00e3o do texto-base da Proposta de Emenda \u00e0 Constitui\u00e7\u00e3o [&hellip;]<\/p>\n","protected":false},"author":1,"featured_media":0,"comment_status":"open","ping_status":"open","sticky":false,"template":"","format":"standard","meta":{"pagelayer_contact_templates":[],"_pagelayer_content":"","_EventAllDay":false,"_EventTimezone":"","_EventStartDate":"","_EventEndDate":"","_EventStartDateUTC":"","_EventEndDateUTC":"","_EventShowMap":false,"_EventShowMapLink":false,"_EventURL":"","_EventCost":"","_EventCostDescription":"","_EventCurrencySymbol":"","_EventCurrencyCode":"","_EventCurrencyPosition":"","_EventDateTimeSeparator":"","_EventTimeRangeSeparator":"","_EventOrganizerID":[],"_EventVenueID":[],"_OrganizerEmail":"","_OrganizerPhone":"","_OrganizerWebsite":"","_VenueAddress":"","_VenueCity":"","_VenueCountry":"","_VenueProvince":"","_VenueState":"","_VenueZip":"","_VenuePhone":"","_VenueURL":"","_VenueStateProvince":"","_VenueLat":"","_VenueLng":"","_VenueShowMap":false,"_VenueShowMapLink":false,"footnotes":""},"categories":[1],"tags":[],"class_list":["post-505","post","type-post","status-publish","format-standard","hentry","category-uncategorized"],"_links":{"self":[{"href":"https:\/\/cnlbsul2.org.br\/site\/wp-json\/wp\/v2\/posts\/505","targetHints":{"allow":["GET"]}}],"collection":[{"href":"https:\/\/cnlbsul2.org.br\/site\/wp-json\/wp\/v2\/posts"}],"about":[{"href":"https:\/\/cnlbsul2.org.br\/site\/wp-json\/wp\/v2\/types\/post"}],"author":[{"embeddable":true,"href":"https:\/\/cnlbsul2.org.br\/site\/wp-json\/wp\/v2\/users\/1"}],"replies":[{"embeddable":true,"href":"https:\/\/cnlbsul2.org.br\/site\/wp-json\/wp\/v2\/comments?post=505"}],"version-history":[{"count":5,"href":"https:\/\/cnlbsul2.org.br\/site\/wp-json\/wp\/v2\/posts\/505\/revisions"}],"predecessor-version":[{"id":511,"href":"https:\/\/cnlbsul2.org.br\/site\/wp-json\/wp\/v2\/posts\/505\/revisions\/511"}],"wp:attachment":[{"href":"https:\/\/cnlbsul2.org.br\/site\/wp-json\/wp\/v2\/media?parent=505"}],"wp:term":[{"taxonomy":"category","embeddable":true,"href":"https:\/\/cnlbsul2.org.br\/site\/wp-json\/wp\/v2\/categories?post=505"},{"taxonomy":"post_tag","embeddable":true,"href":"https:\/\/cnlbsul2.org.br\/site\/wp-json\/wp\/v2\/tags?post=505"}],"curies":[{"name":"wp","href":"https:\/\/api.w.org\/{rel}","templated":true}]}}