{"id":484,"date":"2025-09-20T21:29:51","date_gmt":"2025-09-21T00:29:51","guid":{"rendered":"https:\/\/cnlbsul2.org.br\/site\/?p=484"},"modified":"2025-09-24T16:24:06","modified_gmt":"2025-09-24T19:24:06","slug":"4o-seminario-regional-de-fe-e-politica","status":"publish","type":"post","link":"https:\/\/cnlbsul2.org.br\/site\/2025\/09\/20\/4o-seminario-regional-de-fe-e-politica\/","title":{"rendered":"4\u00ba Semin\u00e1rio Regional de F\u00e9 e Pol\u00edtica"},"content":{"rendered":"\n<p class=\"has-text-align-center has-medium-font-size\"><strong>CONVITE<\/strong><\/p>\n\n\n\n<p>Aos Arcebispos, Bispos, Presb\u00edteros, Di\u00e1conos, Coordenadores de Pastorais, Associa\u00e7\u00f5es, Movimentos e Organiza\u00e7\u00f5es Eclesiais<\/p>\n\n\n\n<p><\/p>\n\n\n\n<p class=\"has-medium-font-size\">O Conselho Nacional do Laicato do Brasil \u2013 Regional Sul 2, por meio da sua Comiss\u00e3o Regional de F\u00e9 e Pol\u00edtica, juntamente com a Articula\u00e7\u00e3o das Escolas de F\u00e9 e Pol\u00edtica do Regional Sul 2, a Pastoral Pol\u00edtica da Arquidiocese de Cascavel e as Pastorais que integram a Dimens\u00e3o Sociotransformadora da CNBB Regional Sul 2, tem a alegria de convidar para o<\/p>\n\n\n\n<div style=\"height:10px\" aria-hidden=\"true\" class=\"wp-block-spacer\"><\/div>\n\n\n\n<p> <strong><em>4\u00ba Semin\u00e1rio Regional de F\u00e9 e Pol\u00edtica<\/em><\/strong><\/p>\n\n\n\n<div style=\"height:10px\" aria-hidden=\"true\" class=\"wp-block-spacer\"><\/div>\n\n\n\n<p> Tema: <em>Crist\u00e3os leigos e leigas: profecia e esperan\u00e7a!<\/em><br>Lema: \u201c<em>Somos peregrinos neste mundo<\/em>\u201d (1Pe 2,11)<\/p>\n\n\n\n<div style=\"height:10px\" aria-hidden=\"true\" class=\"wp-block-spacer\"><\/div>\n\n\n\n<div style=\"height:10px\" aria-hidden=\"true\" class=\"wp-block-spacer\"><\/div>\n\n\n\n<p> \ud83d\udcc5 Data: <strong>28, 29 e 30<\/strong> de <strong>novembro <\/strong>de 2025<br>\ud83d\udccd Local: Centro Arquidiocesano de Forma\u00e7\u00e3o<br>Rua Jorge Lacerda, 1680 \u2013 Centro, Cascavel \u2013 PR, 85810-220<\/p>\n\n\n\n<div style=\"height:10px\" aria-hidden=\"true\" class=\"wp-block-spacer\"><\/div>\n\n\n\n<p>O Semin\u00e1rio ser\u00e1 um espa\u00e7o privilegiado de reflex\u00e3o, espiritualidade, forma\u00e7\u00e3o e articula\u00e7\u00e3o pol\u00edtica, em comunh\u00e3o com a miss\u00e3o prof\u00e9tica e a esperan\u00e7a que brotam da f\u00e9 crist\u00e3 e da Doutrina Social da Igreja.<\/p>\n\n\n\n<div style=\"height:10px\" aria-hidden=\"true\" class=\"wp-block-spacer\"><\/div>\n\n\n\n<p> A programa\u00e7\u00e3o contemplar\u00e1 confer\u00eancias, pain\u00e9is de estudo, an\u00e1lise de conjuntura, celebra\u00e7\u00f5es, partilhas em grupos e momentos de confraterniza\u00e7\u00e3o fraterna.<\/p>\n\n\n\n<div style=\"height:10px\" aria-hidden=\"true\" class=\"wp-block-spacer\"><\/div>\n\n\n\n<p> \ud83d\udd39 In\u00edcio: Sexta-feira (28\/11), \u00e0s 18h00, com acolhida e jantar.<br>\ud83d\udd39 Encerramento: Domingo (30\/11), \u00e0s 12h00, com almo\u00e7o de despedida.<\/p>\n\n\n\n<div style=\"height:10px\" aria-hidden=\"true\" class=\"wp-block-spacer\"><\/div>\n\n\n\n<p>\ud83d\udcb0 Valor da inscri\u00e7\u00e3o: <strong>R$ 350,00<\/strong> (<em>trezentos e cinquenta reais<\/em>, inclu\u00eddos hospedagem, alimenta\u00e7\u00e3o e material do encontro).<\/p>\n\n\n\n<div style=\"height:10px\" aria-hidden=\"true\" class=\"wp-block-spacer\"><\/div>\n\n\n\n<p> Sua presen\u00e7a \u00e9 fundamental para o fortalecimento da caminhada de F\u00e9 e Pol\u00edtica em nosso Regional, na constru\u00e7\u00e3o de uma Igreja cada vez mais comprometida com a justi\u00e7a, a paz e a vida plena para todos.<\/p>\n\n\n\n<p><strong><em>Inscri\u00e7\u00e3o pelo link: <\/em><\/strong><a href=\"https:\/\/forms.office.com\/r\/eP9vkVLpz1\">https:\/\/forms.office.com\/r\/eP9vkVLpz1<\/a><\/p>\n\n\n\n<p>Com esperan\u00e7a e esp\u00edrito de comunh\u00e3o, aguardamos sua participa\u00e7\u00e3o!<\/p>\n\n\n\n<div style=\"height:20px\" aria-hidden=\"true\" class=\"wp-block-spacer\"><\/div>\n\n\n\n<p> <strong>Promo\u00e7\u00e3o:<\/strong><\/p>\n\n\n\n<ul class=\"wp-block-list\">\n<li><em>Conselho Nacional do Laicato do Brasil<\/em><br><em>Regional Sul 2 (Comiss\u00e3o Regional de F\u00e9 e Pol\u00edtica)<\/em><\/li>\n<\/ul>\n\n\n\n<div style=\"height:10px\" aria-hidden=\"true\" class=\"wp-block-spacer\"><\/div>\n\n\n\n<ul class=\"wp-block-list\">\n<li><em>Articula\u00e7\u00e3o das Escolas de F\u00e9 e Pol\u00edtica do Regional Sul 2<\/em><\/li>\n<\/ul>\n\n\n\n<div style=\"height:10px\" aria-hidden=\"true\" class=\"wp-block-spacer\"><\/div>\n\n\n\n<ul class=\"wp-block-list\">\n<li><em>Pastoral Pol\u00edtica da Arquidiocese de Cascavel<\/em><\/li>\n<\/ul>\n\n\n\n<div style=\"height:10px\" aria-hidden=\"true\" class=\"wp-block-spacer\"><\/div>\n\n\n\n<p><strong><em>Paulo Conte<\/em><\/strong><br>Presidente CNLB Sul 2<\/p>\n\n\n\n<div style=\"height:10px\" aria-hidden=\"true\" class=\"wp-block-spacer\"><\/div>\n\n\n\n<p><strong><em>Claudimar Barbosa da Silva<\/em><\/strong><br>Presidente Comiss\u00e3o Regional de F\u00e9 e Pol\u00edtica<\/p>\n\n\n\n<div style=\"height:10px\" aria-hidden=\"true\" class=\"wp-block-spacer\"><\/div>\n\n\n\n<p><strong><em>Olavo Santos<\/em><\/strong><br>Coordenador da Pastoral Pol\u00edtica<br>Arquidiocese de Cascavel<\/p>\n\n\n\n<div style=\"height:10px\" aria-hidden=\"true\" class=\"wp-block-spacer\"><\/div>\n\n\n\n<p><strong><em>Dom Jos\u00e9 Mario Scalon Angonese<\/em><\/strong><\/p>\n\n\n\n<p>Arcebispo de Cascavel<br>Referencial para o Laicato no Regional Sul 2<\/p>\n\n\n\n<p><\/p>\n","protected":false},"excerpt":{"rendered":"<p>CONVITE Aos Arcebispos, Bispos, Presb\u00edteros, Di\u00e1conos, Coordenadores de Pastorais, Associa\u00e7\u00f5es, Movimentos e Organiza\u00e7\u00f5es Eclesiais O Conselho Nacional do Laicato do Brasil \u2013 Regional Sul 2, por meio da sua Comiss\u00e3o [&hellip;]<\/p>\n","protected":false},"author":1,"featured_media":0,"comment_status":"open","ping_status":"open","sticky":false,"template":"","format":"standard","meta":{"pagelayer_contact_templates":[],"_pagelayer_content":"","_EventAllDay":false,"_EventTimezone":"","_EventStartDate":"","_EventEndDate":"","_EventStartDateUTC":"","_EventEndDateUTC":"","_EventShowMap":false,"_EventShowMapLink":false,"_EventURL":"","_EventCost":"","_EventCostDescription":"","_EventCurrencySymbol":"","_EventCurrencyCode":"","_EventCurrencyPosition":"","_EventDateTimeSeparator":"","_EventTimeRangeSeparator":"","_EventOrganizerID":[],"_EventVenueID":[],"_OrganizerEmail":"","_OrganizerPhone":"","_OrganizerWebsite":"","_VenueAddress":"","_VenueCity":"","_VenueCountry":"","_VenueProvince":"","_VenueState":"","_VenueZip":"","_VenuePhone":"","_VenueURL":"","_VenueStateProvince":"","_VenueLat":"","_VenueLng":"","_VenueShowMap":false,"_VenueShowMapLink":false,"footnotes":""},"categories":[19],"tags":[18,17],"class_list":["post-484","post","type-post","status-publish","format-standard","hentry","category-fe-e-politica","tag-acao-socio-transformadora","tag-fe-e-politica"],"_links":{"self":[{"href":"https:\/\/cnlbsul2.org.br\/site\/wp-json\/wp\/v2\/posts\/484","targetHints":{"allow":["GET"]}}],"collection":[{"href":"https:\/\/cnlbsul2.org.br\/site\/wp-json\/wp\/v2\/posts"}],"about":[{"href":"https:\/\/cnlbsul2.org.br\/site\/wp-json\/wp\/v2\/types\/post"}],"author":[{"embeddable":true,"href":"https:\/\/cnlbsul2.org.br\/site\/wp-json\/wp\/v2\/users\/1"}],"replies":[{"embeddable":true,"href":"https:\/\/cnlbsul2.org.br\/site\/wp-json\/wp\/v2\/comments?post=484"}],"version-history":[{"count":21,"href":"https:\/\/cnlbsul2.org.br\/site\/wp-json\/wp\/v2\/posts\/484\/revisions"}],"predecessor-version":[{"id":514,"href":"https:\/\/cnlbsul2.org.br\/site\/wp-json\/wp\/v2\/posts\/484\/revisions\/514"}],"wp:attachment":[{"href":"https:\/\/cnlbsul2.org.br\/site\/wp-json\/wp\/v2\/media?parent=484"}],"wp:term":[{"taxonomy":"category","embeddable":true,"href":"https:\/\/cnlbsul2.org.br\/site\/wp-json\/wp\/v2\/categories?post=484"},{"taxonomy":"post_tag","embeddable":true,"href":"https:\/\/cnlbsul2.org.br\/site\/wp-json\/wp\/v2\/tags?post=484"}],"curies":[{"name":"wp","href":"https:\/\/api.w.org\/{rel}","templated":true}]}}